{"id":9006,"date":"2025-06-01T02:28:02","date_gmt":"2025-06-01T02:28:02","guid":{"rendered":"https:\/\/eakk.ee\/?p=9006"},"modified":"2025-06-01T02:33:57","modified_gmt":"2025-06-01T02:33:57","slug":"puha-kolmainsuse-anglokatoliku-vaimuliku-teenimise-kooli-esimesed-lopetajad-eestis","status":"publish","type":"post","link":"https:\/\/eakk.ee\/?p=9006","title":{"rendered":"P\u00fcha Kolmainsuse Anglokatoliku Vaimuliku Teenimise Kooli esimesed l\u00f5petajad Eestis"},"content":{"rendered":"\n<p>Laup\u00e4eval, 31. mail 2025 andis P\u00dcHA KOLMAINSUSE ANGLOKATOLIKU<br> VAIMULIKU TEENIMISE KOOLI president Tallinnas,  k\u00e4tte kooli esimestele teoloogia\u00fcli\u00f5pilastele kraadid. <\/p>\n\n\n\n<p>Rohkem infot ja m\u00f5ned pildid on <a href=\"https:\/\/anglocatholicchurch.eu\/2025\/05\/31\/first-graduates-of-holy-trinity-anglocatholic-school-of-ministry-in-estonia\/?fbclid=IwY2xjawKomL9leHRuA2FlbQIxMQBicmlkETAzYnNFSVZ1dVlwcHlmNTRKAR7QgWD4xa-NN4VBIDkGGNLJt8tSuHhbHTfo3aFIVb4WbeiKEq9JnWCwd2jmCw_aem_ffgV6JUos2SDRfQC3CNlzg\" data-type=\"link\" data-id=\"https:\/\/anglocatholicchurch.eu\/2025\/05\/31\/first-graduates-of-holy-trinity-anglocatholic-school-of-ministry-in-estonia\/?fbclid=IwY2xjawKomL9leHRuA2FlbQIxMQBicmlkETAzYnNFSVZ1dVlwcHlmNTRKAR7QgWD4xa-NN4VBIDkGGNLJt8tSuHhbHTfo3aFIVb4WbeiKEq9JnWCwd2jmCw_aem_ffgV6JUos2SDRfQC3CNlzg\">siin.<\/a><\/p>\n\n\n\n<figure class=\"wp-block-image size-large\"><img loading=\"lazy\" decoding=\"async\" width=\"1024\" height=\"768\" src=\"https:\/\/eakk.ee\/wp-content\/uploads\/2025\/06\/IMG_6926-1024x768.jpg\" alt=\"\" class=\"wp-image-9008\" srcset=\"https:\/\/eakk.ee\/wp-content\/uploads\/2025\/06\/IMG_6926-1024x768.jpg 1024w, https:\/\/eakk.ee\/wp-content\/uploads\/2025\/06\/IMG_6926-600x450.jpg 600w, https:\/\/eakk.ee\/wp-content\/uploads\/2025\/06\/IMG_6926-1536x1152.jpg 1536w, https:\/\/eakk.ee\/wp-content\/uploads\/2025\/06\/IMG_6926-2048x1536.jpg 2048w\" sizes=\"auto, (max-width: 1024px) 100vw, 1024px\" \/><\/figure>\n\n\n\n<p>VASAKULT: diakon Priit K\u00f5rge (B.Min),  piiskop Raivo Kodanik (M.Min.), patriarh ja president dr. Heigo Ritsbek, proua Jane K\u00f5rge (B.Min.)<\/p>\n","protected":false},"excerpt":{"rendered":"<p>Laup\u00e4eval, 31. mail 2025 andis P\u00dcHA KOLMAINSUSE ANGLOKATOLIKU VAIMULIKU TEENIMISE KOOLI president Tallinnas, k\u00e4tte kooli esimestele teoloogia\u00fcli\u00f5pilastele kraadid. Rohkem infot ja m\u00f5ned pildid on siin. VASAKULT: diakon Priit K\u00f5rge (B.Min), piiskop Raivo Kodanik (M.Min.), patriarh ja president dr. Heigo Ritsbek, &hellip; <a href=\"https:\/\/eakk.ee\/?p=9006\">J\u00e4tka lugemist <span class=\"meta-nav\">&rarr;<\/span><\/a><\/p>\n","protected":false},"author":3,"featured_media":0,"comment_status":"open","ping_status":"open","sticky":false,"template":"","format":"standard","meta":{"_exactmetrics_skip_tracking":false,"_exactmetrics_sitenote_active":false,"_exactmetrics_sitenote_note":"","_exactmetrics_sitenote_category":0,"footnotes":""},"categories":[1],"tags":[],"class_list":["post-9006","post","type-post","status-publish","format-standard","hentry","category-eakk"],"_links":{"self":[{"href":"https:\/\/eakk.ee\/index.php?rest_route=\/wp\/v2\/posts\/9006","targetHints":{"allow":["GET"]}}],"collection":[{"href":"https:\/\/eakk.ee\/index.php?rest_route=\/wp\/v2\/posts"}],"about":[{"href":"https:\/\/eakk.ee\/index.php?rest_route=\/wp\/v2\/types\/post"}],"author":[{"embeddable":true,"href":"https:\/\/eakk.ee\/index.php?rest_route=\/wp\/v2\/users\/3"}],"replies":[{"embeddable":true,"href":"https:\/\/eakk.ee\/index.php?rest_route=%2Fwp%2Fv2%2Fcomments&post=9006"}],"version-history":[{"count":3,"href":"https:\/\/eakk.ee\/index.php?rest_route=\/wp\/v2\/posts\/9006\/revisions"}],"predecessor-version":[{"id":9010,"href":"https:\/\/eakk.ee\/index.php?rest_route=\/wp\/v2\/posts\/9006\/revisions\/9010"}],"wp:attachment":[{"href":"https:\/\/eakk.ee\/index.php?rest_route=%2Fwp%2Fv2%2Fmedia&parent=9006"}],"wp:term":[{"taxonomy":"category","embeddable":true,"href":"https:\/\/eakk.ee\/index.php?rest_route=%2Fwp%2Fv2%2Fcategories&post=9006"},{"taxonomy":"post_tag","embeddable":true,"href":"https:\/\/eakk.ee\/index.php?rest_route=%2Fwp%2Fv2%2Ftags&post=9006"}],"curies":[{"name":"wp","href":"https:\/\/api.w.org\/{rel}","templated":true}]}}