{"id":7022,"date":"2023-05-28T05:51:09","date_gmt":"2023-05-28T05:51:09","guid":{"rendered":"https:\/\/eakk.ee\/?p=7022"},"modified":"2023-05-28T05:51:09","modified_gmt":"2023-05-28T05:51:09","slug":"esimene-nelipuha","status":"publish","type":"post","link":"https:\/\/eakk.ee\/?p=7022","title":{"rendered":"ESIMENE NELIP\u00dcHA"},"content":{"rendered":"\n<p>Esimene nelip\u00fcha<\/p>\n\n\n\n<p>Lugemine Apostlite tegude raamatust:<br>Kui nelip\u00fchip\u00e4ev k\u00e4tte j\u00f5udis, olid k\u00f5ik \u00fches paigas koos. \u00c4kki oli taevast<br>kosta kohinat, nii nagu oleks tormituul puhunud, ja see kohin t\u00e4itis kogu koja<br>kus nad viibisid. Ning neile ilmus tulekeeli, mis jagunesid ja j\u00e4id iga\u00fche peale<br>nende seast. Ja nad k\u00f5ik said t\u00e4is P\u00fcha Vaimu ja hakkasid r\u00e4\u00e4kima v\u00f5\u00f5raid keeli,<br>nii nagu Vaim andis r\u00e4\u00e4kida. Aga Jeruusalemmas oli sel ajal palju<br>jumalakartlikke juute k\u00f5igi rahvaste hulgast p\u00e4ikese all, ja kui t\u00f5usis kohin,<br>jooksis kokku rahvasumm, ning nad k\u00f5ik olid kohkunud, sest iga\u00fcks kuulis neid<br>k\u00f5nelevat oma keelemurret. Nad panid seda imeks ja \u00fctlesid \u00fcksteisele: Kas need<br>mehed, kes r\u00e4\u00e4givad, polegi Galileast? Kuidas siis iga\u00fcks meie seast kuuleb oma<br>emakeelt? Meie, partlased, meedlased ja eelamlased, kes me elame Mesopotaamias,<br>Judeas ja Kapadookias, kes me oleme p\u00e4rit Pontusest ja Aasiast, Fr\u00fc\u00fcgiast ja<br>Pamf\u00fc\u00fcliast, Egiptusest ja K\u00fcreene poolse Liib\u00fca aladelt, samuti siin asuvad<br>roomlased ja juudid \u00fches prosel\u00fc\u00fctidega &#8211; juudiusku p\u00f6\u00f6rdunutega; &#8211; kreetalased<br>ja araablased &#8211; kuidas me kuuleme neid k\u00f5nelevat meie oma keelemurdeis Jumala<br>suurtest tegudest? See on Jumala S\u00f5na. T\u00e4nu olgu Jumalale!<\/p>\n\n\n\n<p>Saada oma Vaim, ja loo uueks maailma pale!<br>Kiida, minu hing, Issandat,<br>Issand, minu Issand, Sina oled v\u00e4ga suur.<br>Kui arvukad on sinu teod, Issand,<br>Kogu maa on t\u00e4is sinu loodut.<br>Kui sa v\u00f5tad neilt hingamise,<br>heidavad nad hinge ja muutuvad j\u00e4lle p\u00f5rmuks;<br>Sina saadad oma vaimu ja nad luuakse,<br>Sina teed uueks maailma palge.<br>Issanda kirkus p\u00fcsigu igavesti,<br>Issand olgu r\u00f5\u00f5mus oma tegude \u00fcle.<br>Olgu mu laul Issandale meele j\u00e4rgi,<br>sest oma r\u00f5\u00f5mu tahan ma leida Issandas.<br>Au olgu + Isale ja Pojale ja P\u00fchale Vaimule,<br>nii nagu oli alguses, nii on n\u00fc\u00fcd, ikka ja igavesti. Aamen.<br>Saada oma Vaim, ja loo uueks maailma pale!<\/p>\n\n\n\n<p>Teine lugemine p\u00fcha apostel Pauluse esimesest kirjast korintlastele:<br>Keegi ei v\u00f5i \u00f6elda: &#8220;Jeesus on Issand&#8221;, kui ta ei r\u00e4\u00e4gi P\u00fchas Vaimus. Palju on<br>ande, mis tulevad armust, kuid Vaim, kelle kaudu nad tulevad, on \u00fcks. Ja palju<br>on ameteid, kuid Issand on \u00fcks ja seesama. Mitmel viisil v\u00f5ib Jumala v\u00e4gi<br>ilmsiks saada, kuid seda k\u00f5ike teeb \u00fcks Jumal k\u00f5ikide sees. Aga Vaim ilmutab end<br>k\u00f5igile \u00fchiseks h\u00fcveks, sest kui ihu on \u00fcks ja sel on palju liikmeid &#8211; ning<br>kuigi liikmeid on palju, ometi ihu on \u00fcks &#8211; siis niisamuti on Kristusega. Oleme<br>ju \u00fche Vaimu l\u00e4bi ristitud \u00fchte Ihusse &#8211; nii juudid kui kreeklased, nii orjad<br>kui vabad &#8211; meie k\u00f5ik oleme sama Vaimuga joodetud.<br>See on Jumala S\u00f5na. T\u00e4nu olgu Jumalale!<\/p>\n\n\n\n<p>Halleluuja!<br>Tule, P\u00fcha Vaim, t\u00e4ida oma ustavate s\u00fcdamed<br>ja s\u00fc\u00fcta meis oma armastuse tuli!<br>Halleluuja!<\/p>\n\n\n\n<p>Evangeelium p\u00fcha Johannese j\u00e4rgi:<br>Jeesuse \u00fclest\u00f5usmisp\u00e4eva \u00f5htul, kui j\u00fcngrid olid koos riivis uste taga hirmust<br>juutide eest, tuli Jeesus ja seisis nende keskel ja \u00fctles neile: Rahu olgu<br>teiega. Ja kui ta seda oli \u00f6elnud, n\u00e4itas ta neile oma k\u00e4si ja k\u00fclge. J\u00fcngrid<br>olid r\u00f5\u00f5msad Issandat n\u00e4hes. Aga Jeesus \u00fctles neile taas: Rahu olgu teiega! Nii<br>nagu minu Isa on l\u00e4kitanud mind, nii l\u00e4kitan mina teid. Ja kui ta seda oli<br>\u00f6elnud, puhus ta nende peale ja \u00fctles: V\u00f5tke vastu P\u00fcha Vaim; kellele te patud<br>andeks annate, neile on need andeks antud, kellele te patud kinnitate, neile on<br>need kinnitatud. See on p\u00fcha evangeelium. \u00dclistus olgu Sulle, Issand Jeesus Kristus!<\/p>\n\n\n\n<p>Evangeeliumi s\u00f5nad kustutagu meie eksimused.<\/p>\n\n\n\n<p>M\u00f5tisklus<br>Nelip\u00fchade aegne juutliku p\u00e4ritoluga l\u00f5ikust\u00e4nup\u00fcha Savuot, kreeka nimega Pentecoste,<br>s.o. viiek\u00fcmnes p\u00e4ev p\u00e4rast Paasap\u00fchi, on ehk vanim teadaolev alge t\u00e4nasele p\u00fchale.<br>Kristlikus t\u00e4henduses s\u00fcmboliseerib see Kristuse maapealse tegevuse l\u00f5ppu ja seega<br>ka \u00fclest\u00f5usmisp\u00fchade-perioodi l\u00f5ppu. Kirikule kingitakse P\u00fcha Vaim. V\u00f5ime ka \u00fctelda,<br>et t\u00e4na on Kiriku s\u00fcnnip\u00e4ev.<br>Kirikus on alati Nelip\u00fchad. P\u00fcha Vaimu r\u00f5\u00f5mustav puudutus. Me n\u00e4eme P\u00fcha Vaimu<br>t\u00f6\u00f6d oma kaaslaste muredes, heades tegudes, sisemises j\u00f5us mis saab n\u00e4htavaks<br>rasketel aegadel ja julguses armastada. Tema kutsub meid usule ja kutsub meid igal<br>p\u00e4eval v\u00f5tma oma risti ja j\u00e4rgima Jeesust. P\u00fcha Vaim aitab meil olla t\u00f5eliselt suured,<br>saades \u00fcksteise teenijateks. Samamoodi s\u00fcvendab P\u00fcha Vaim meie teadlikkust Jeesusest;<br>Tema kogub meid Jeesuse risti \u00fcmber; Tema muudab meie elu, aidates meil olla<br>kannatlikumad ja andestavamad; Tema v\u00f5imaldab meil otsida uusi algusi; Tema innustab<br>meid laskma Jumala armastuse j\u00f5ul \u00f6elda l\u00f5plik s\u00f5na konfliktide ja raskuste \u00fcle, millesse<br>satume. Ta on meile k\u00e4ttesaadav igal p\u00e4eval ja igal hetkel, kui seisame silmitsi valikutega,<br>kas j\u00e4\u00e4da enesekeskseks v\u00f5i saada Jumalast kantud inimesteks \u2013 Vaim kutsub meid<br>elama Kristuses. Vaimu t\u00f6\u00f6 on sageli vaikne ja n\u00e4htamatu kandes siiski n\u00e4htavat usu<br>vilja meie eludes. Kiitkem ja t\u00e4nagem selle eest Jumalat.<br>Tule, P\u00fcha Vaim, t\u00e4ida oma ustavate s\u00fcdamed ja s\u00fc\u00fcta meis oma<br>armastuse tuli. Saada oma Vaim ja loo uueks maailma pale.<br>Aamen.<\/p>\n","protected":false},"excerpt":{"rendered":"<p>Esimene nelip\u00fcha Lugemine Apostlite tegude raamatust:Kui nelip\u00fchip\u00e4ev k\u00e4tte j\u00f5udis, olid k\u00f5ik \u00fches paigas koos. \u00c4kki oli taevastkosta kohinat, nii nagu oleks tormituul puhunud, ja see kohin t\u00e4itis kogu kojakus nad viibisid. Ning neile ilmus tulekeeli, mis jagunesid ja j\u00e4id iga\u00fche &hellip; <a href=\"https:\/\/eakk.ee\/?p=7022\">J\u00e4tka lugemist <span class=\"meta-nav\">&rarr;<\/span><\/a><\/p>\n","protected":false},"author":3,"featured_media":0,"comment_status":"open","ping_status":"open","sticky":false,"template":"","format":"standard","meta":{"_exactmetrics_skip_tracking":false,"_exactmetrics_sitenote_active":false,"_exactmetrics_sitenote_note":"","_exactmetrics_sitenote_category":0,"footnotes":""},"categories":[1],"tags":[],"class_list":["post-7022","post","type-post","status-publish","format-standard","hentry","category-eakk"],"_links":{"self":[{"href":"https:\/\/eakk.ee\/index.php?rest_route=\/wp\/v2\/posts\/7022","targetHints":{"allow":["GET"]}}],"collection":[{"href":"https:\/\/eakk.ee\/index.php?rest_route=\/wp\/v2\/posts"}],"about":[{"href":"https:\/\/eakk.ee\/index.php?rest_route=\/wp\/v2\/types\/post"}],"author":[{"embeddable":true,"href":"https:\/\/eakk.ee\/index.php?rest_route=\/wp\/v2\/users\/3"}],"replies":[{"embeddable":true,"href":"https:\/\/eakk.ee\/index.php?rest_route=%2Fwp%2Fv2%2Fcomments&post=7022"}],"version-history":[{"count":1,"href":"https:\/\/eakk.ee\/index.php?rest_route=\/wp\/v2\/posts\/7022\/revisions"}],"predecessor-version":[{"id":7023,"href":"https:\/\/eakk.ee\/index.php?rest_route=\/wp\/v2\/posts\/7022\/revisions\/7023"}],"wp:attachment":[{"href":"https:\/\/eakk.ee\/index.php?rest_route=%2Fwp%2Fv2%2Fmedia&parent=7022"}],"wp:term":[{"taxonomy":"category","embeddable":true,"href":"https:\/\/eakk.ee\/index.php?rest_route=%2Fwp%2Fv2%2Fcategories&post=7022"},{"taxonomy":"post_tag","embeddable":true,"href":"https:\/\/eakk.ee\/index.php?rest_route=%2Fwp%2Fv2%2Ftags&post=7022"}],"curies":[{"name":"wp","href":"https:\/\/api.w.org\/{rel}","templated":true}]}}