{"id":6913,"date":"2022-12-04T08:21:24","date_gmt":"2022-12-04T08:21:24","guid":{"rendered":"https:\/\/eakk.ee\/?p=6913"},"modified":"2022-12-04T08:21:24","modified_gmt":"2022-12-04T08:21:24","slug":"advendiaja-ii-puhapaev","status":"publish","type":"post","link":"https:\/\/eakk.ee\/?p=6913","title":{"rendered":"ADVENDIAJA II P\u00dcHAP\u00c4EV"},"content":{"rendered":"\n<p>ADVENDIAJA II P\u00dcHAP\u00c4EV A AASTAL<\/p>\n\n\n\n<p>Lugemine prohvet Jesaja raamatust:<br>Sellel p\u00e4eval ajab Jesse t\u00fcvi uue v\u00f5su ja oks tema juure seest kannab vilja.<br>Tema \u00fcle on Issanda Vaim &#8211; tarkuse ja m\u00f5istuse vaim, n\u00f5u ja v\u00e4gevuse vaim,<br>teadmise ja vagaduse vaim, ning jumalakartuse vaim t\u00e4idab teda. Tema ei m\u00f5ista<br>kohut silman\u00e4gemist m\u00f6\u00f6da ega otsusta k\u00f5rvakuulmise j\u00e4rgi, vaid m\u00f5istab vaestele<br>\u00f5igust ja tasaste \u00fcle maa peal ta otsustab t\u00f5es. Tema l\u00f6\u00f6b \u00fclekohtutegijat oma<br>suu sauaga ja hinge\u00f5hk tema huultelt surmab jumalatu. Tema niuded on v\u00f6\u00f6tatud<br>\u00f5iglusega ja ustavus on side ta puusadel. Siis elab hunt tallega koos ja panter<br>magab kitsekese k\u00f5rval. Vasikas, l\u00f5vi ja lammas on \u00fcheskoos ja v\u00e4ike poiss<br>karjatab neid. Lehm ja karu on karjamaal, nende pojad magavad \u00fches ja l\u00f5vi s\u00f6\u00f6b<br>\u00f5lgi nagu veis. Imik m\u00e4ngib r\u00e4stiku uru juures ning v\u00f5\u00f5rutatu sirutab oma k\u00e4e<br>m\u00fcrkmao pessa. Ei tehta kurja ega tapeta kogu mu p\u00fchal m\u00e4el, sest maa on Issanda<br>tundmist t\u00e4is nii nagu vesi merd t\u00e4idab. Sel p\u00e4eval saab Jesse v\u00f5su rahvaile<br>m\u00e4rgiks &#8211; m\u00e4rgiks, mida otsivad k\u00f5ik h\u00f5imud, aga tema rahupaik on t\u00e4is kirkust.<br>Issand.See on Jumala S\u00f5na. T\u00e4nu olgu Jumalale!<\/p>\n\n\n\n<p>Tema p\u00e4evil \u00f5itseb \u00f5iglus ja rahuk\u00fcllus igavesti!<br>Jumal, anna kuningale tarkust m\u00f5ista kohut<br>ja oma \u00f5iglus kuningapojale.<br>Et ta m\u00f5istaks su rahvale \u00f5igust<br>ja oleks \u00f5iglane sinu vaeste vastu.<br>Tema p\u00e4evil \u00f5itseb \u00f5iglus ja rahuk\u00fcllus<br>kuni kuu kaob \u00e4ra.<br>Ja ta valitseb merest mereni,<br>Eufrati j\u00f5est kuni maailma otsani.<br>Tema p\u00e4\u00e4stab r\u00f5hutu, kes appi h\u00fc\u00fcab,<br>vabastab vaese, kellel puudub abimees.<br>S\u00e4\u00e4stab n\u00f5tra ja viletsat,<br>p\u00e4\u00e4stab vaeste hinged.<br>Tema nimi p\u00fcsigu igavesti,<br>p\u00e4ikesest kauem \u00f5itsegu tema nimi.<br>Temas olgu \u00f5nnistatud k\u00f5ik rahvad,<br>k\u00f5ik h\u00f5imud \u00fclistagu teda.<br>Au olgu + Isale ja Pojale ja P\u00fchale Vaimule,<br>nii nagu oli alguses, nii on n\u00fc\u00fcd, ikka ja igavesti. Aamen.<br>Tema p\u00e4evil \u00f5itseb \u00f5iglus ja rahuk\u00fcllus igavesti!<\/p>\n\n\n\n<p>Teine lugemine p\u00fcha apostel Pauluse kirjast roomlastele:<br>Vennad, k\u00f5ik see, mis kirjas seisab, on kirja pandud meile \u00f5petuseks, et meil<br>p\u00fcsivuse ja p\u00fchakirjas leiduva lohutuse kaudu oleks lootust. Aga p\u00fcsivuse ja<br>lohutuse Jumal andku teile \u00fcksmeelt isekeskis Jeesuse Kristuse eeskuju j\u00e4rgi, et<br>te \u00fchel meelel ja \u00fchest suust \u00fclistaksite Jumalat, meie Issanda Jeesuse Kristuse<br>Isa. Sellep\u00e4rast v\u00f5tke \u00fcksteist vastu nii nagu Kristus on teid Jumala kirkusse<br>vastu v\u00f5tnud. Ma \u00fctlen teile, et Kristus on saanud \u00fcmberl\u00f5igatute teenriks<br>Jumala t\u00f5e p\u00e4rast &#8211; isadele antud t\u00f5otuse kindlustamiseks &#8211; et paganadki n\u00e4eksid<br>Jumala halastust ja \u00fclistaksid teda, nii nagu on kirjutatud: &#8220;Seep\u00e4rast ma<br>\u00fclistan sind paganate seas ja laulan kiitust sinu nimele&#8221;.<br>See on Jumala S\u00f5na. T\u00e4nu olgu Jumalale!<\/p>\n\n\n\n<p>Au sulle Jumala S\u00f5na!<br>Valmistage Issandale teed, tehke tasaseks Tema rajad,<br>ja k\u00f5ik inimesed saavad n\u00e4ha Jumala lunastust!<br>Au sulle Jumala S\u00f5na!<\/p>\n\n\n\n<p>Evangeelium p\u00fcha Matteuse j\u00e4rgi:<br>Neil p\u00e4evil tuli Ristija Johannes Juuda k\u00f5rbesse. Ta kuulutas ja \u00fctles:<br>&#8220;Parandage meelt, sest jumalariik on l\u00e4hedal. Tema kohta, kes ta on tulemas,<br>\u00fctlebki prohvet Jesaja: &#8220;H\u00fc\u00fcdja h\u00e4\u00e4l on k\u00f5rbes: Valmistage Issandale tee, tema<br>jaoks tehke sirgeks rajad&#8221;.&#8221; Aga Johannese r\u00f5ivad olid kaamelivillast ja nahkv\u00f6\u00f6<br>ta niuete \u00fcmber, ning tema toiduks olid rohutirtsud ja metsmesi. Tema juurde<br>kogunes kokku Jeruusalemma ja Juudamaa &#8211; kogu Jordani \u00fcmbruskonna rahvas; ja<br>siis kui nad olid oma patud \u00fcles tunnistanud, ristis Johannes nad Jordani j\u00f5es.<br>Aga kui ta n\u00e4gi paljusid varisere ja sadusere ristimisele tulevat, \u00fctles ta<br>neile; &#8220;Teie, r\u00e4stikute sugu, kes on teid hoiatanud p\u00f5genema tulevase viha eest?<br>Kandke n\u00fc\u00fcd \u00f5iget meeleparanduse vilja ja \u00e4rge hakake \u00fctlema: &#8220;Meie isa on<br>Aabraham&#8221;, sest nendest kividest siin v\u00f5ib Jumal \u00e4ratada Aabrahamile lapsi.<br>Kirves on juba puude juurtele pandud, ja iga puu, mis ei kanna head vilja,<br>raiutakse maha ja visatakse tulle. Mina ristin teid veega, meeleparanduse<br>m\u00e4rgiks, aga tema, kes ta tuleb p\u00e4rast mind, on v\u00e4gevam kui mina. Ja mina pole<br>seda v\u00e4\u00e4rt, et v\u00f5iksin tema sandaalegi kanda. Tema ristib teid P\u00fcha Vaimu ja<br>tulega. Juba hoiab ta tuulamislabidat k\u00e4es, ja ta puhastab oma rehealuse ning<br>kogub oma nisu aita, kuid aganad ta p\u00f5letab \u00e4ra tules, mis iialgi ei kustu.&#8221;<br>See on p\u00fcha evangeelium. \u00dclistus olgu Sulle, Issand Jeesus Kristus!<\/p>\n\n\n\n<p>Evangeeliumi s\u00f5nad kustutagu meie eksimused.<\/p>\n\n\n\n<p>M\u00f5tisklus<br>Ristija Johannes, Lunastaja eelk\u00e4ija, kuulutab meile:\u201eParandage meelt,<br>sest taevariik on l\u00e4hedal!\u201d Suurim prohvet keset Juudamaa k\u00f5rbe, kellest<br>prohvet Jesaja kirjutas:&#8221;H\u00fc\u00fcdja h\u00e4\u00e4l on k\u00f5rbes&#8221;, kuulutas tarvidust valmistuda<br>Jumala riigiks meeleparandusega. Teda tulid kuulama suured rahvahulgad,<br>\u00f5petatud variserid ja saduserid. T\u00e4na tema h\u00fc\u00fcab meile l\u00e4bi p\u00fcha Kiriku.<br>T\u00e4nagem Jumalat nenede s\u00f5nade eest, need on \u00f6eldud ka meie jaoks.<br>Meil on ka valik tunda meeleparandus kutse ees ebamugavust. Oleksime<br>justkui teinud k\u00f5ik, mis meie v\u00f5imuses. Kuid vaadakem Ristija Johannest.<br>Kaamelinahas mees keset k\u00f5rbe, vaba ja \u00e4raostmatu, valmis kuulutama:<br>&#8220;Valmistage Issandale tee, tema jaoks tehke sirgeks rajad!&#8221; Hoidkem<br>oma taevateel meeles tema hoiatust, et tuleb suur puhastus Messia<br>l\u00e4bi kes puhastab meid k\u00f5igest patust &#8220;p\u00f5letab \u00e4ra tules, mis iialgi ei kustu.&#8221;<br>Jumala armastus v\u00f5ib p\u00f5letada igasuguse patu meie seest kui me seda<br>vaid lubame ja palume. Seega tulgem Jumala palge ette sellel advendi<br>ajal, ka siis kui oleme kaotamas lootust, parandagem meelt ja kuulutagem<br>vabadust Kristuses. Temas on meie r\u00f5\u00f5m, usk ja elu.<br>Armas taevane Isa, Sina n\u00e4ed milles ja kuidas saaksime veelgi enam<br>Sinule meelep\u00e4rasemaks muutuda. Kingi meile sellel teekonnal oma<br>juhatus ja abi.<br>Aamen.<\/p>\n\n\n\n<figure class=\"wp-block-embed is-type-video is-provider-youtube wp-block-embed-youtube wp-embed-aspect-16-9 wp-has-aspect-ratio\"><div class=\"wp-block-embed__wrapper\">\n<iframe loading=\"lazy\" title=\"\u00abVeni veni Emmanuel\u00bb \u2013 Himno del Tiempo de Adviento \u2013 Canto Gregoriano\" width=\"640\" height=\"360\" src=\"https:\/\/www.youtube.com\/embed\/JZrGdvwY56E?feature=oembed\" frameborder=\"0\" allow=\"accelerometer; autoplay; clipboard-write; encrypted-media; gyroscope; picture-in-picture; web-share\" referrerpolicy=\"strict-origin-when-cross-origin\" allowfullscreen><\/iframe>\n<\/div><\/figure>\n\n\n\n<p>Oo tule n\u00fc\u00fcd, Immanuel, too vangist v\u00e4lja Iisrael,<br>kes ikkes v\u00f5\u00f5ra v\u00f5imu all. Jumala Poeg, ainuke!<br>R\u00f5\u00f5m n\u00fc\u00fcd, r\u00f5\u00f5m n\u00fc\u00fcd: Immanuel<br>on s\u00fcndind sulle, Iisrael.<\/p>\n\n\n\n<p>Oo tule, Iisai v\u00f5suke! Su vihameeste vaenu eest<br>ning surmariigi piinadest Sa juhi v\u00e4lja valgusse.<br>R\u00f5\u00f5m n\u00fc\u00fcd, r\u00f5\u00f5m n\u00fc\u00fcd: Immanuel<br>on s\u00fcndind sulle, Iisrael.<\/p>\n\n\n\n<p>Oo tule, tule, Idamaa, kui p\u00e4ikene n\u00fc\u00fcd t\u00f5use sa,<br>\u00f6\u00f6udu me pealt eemalda ja rebi katki pimedus.<br>R\u00f5\u00f5m n\u00fc\u00fcd, r\u00f5\u00f5m n\u00fc\u00fcd: Immanuel<br>on s\u00fcndind sulle, Iisrael.<\/p>\n\n\n\n<p>Oo tule, v\u00f5ti Taavetist, taas ava meile taevariik.<br>Tee lahti rada \u00fclesse ja pane lukku p\u00f5rgutee.<br>R\u00f5\u00f5m n\u00fc\u00fcd, r\u00f5\u00f5m n\u00fc\u00fcd: Immanuel<br>on s\u00fcndind sulle, Iisrael.<\/p>\n\n\n\n<p>Oo tule n\u00fc\u00fcd, Adonai! Su rahvast, kes on Siinail,<br>Sa l\u00e4kita ja p\u00fchitse Su kuninglikus hiilguses.<br>R\u00f5\u00f5m n\u00fc\u00fcd, r\u00f5\u00f5m n\u00fc\u00fcd: Immanuel<br>on s\u00fcndind sulle, Iisrael.<br><br>T\u00f5lge: Tarmo Uustalu<\/p>\n","protected":false},"excerpt":{"rendered":"<p>ADVENDIAJA II P\u00dcHAP\u00c4EV A AASTAL Lugemine prohvet Jesaja raamatust:Sellel p\u00e4eval ajab Jesse t\u00fcvi uue v\u00f5su ja oks tema juure seest kannab vilja.Tema \u00fcle on Issanda Vaim &#8211; tarkuse ja m\u00f5istuse vaim, n\u00f5u ja v\u00e4gevuse vaim,teadmise ja vagaduse vaim, ning jumalakartuse &hellip; <a href=\"https:\/\/eakk.ee\/?p=6913\">J\u00e4tka lugemist <span class=\"meta-nav\">&rarr;<\/span><\/a><\/p>\n","protected":false},"author":3,"featured_media":0,"comment_status":"open","ping_status":"open","sticky":false,"template":"","format":"standard","meta":{"_exactmetrics_skip_tracking":false,"_exactmetrics_sitenote_active":false,"_exactmetrics_sitenote_note":"","_exactmetrics_sitenote_category":0,"footnotes":""},"categories":[1],"tags":[],"class_list":["post-6913","post","type-post","status-publish","format-standard","hentry","category-eakk"],"_links":{"self":[{"href":"https:\/\/eakk.ee\/index.php?rest_route=\/wp\/v2\/posts\/6913","targetHints":{"allow":["GET"]}}],"collection":[{"href":"https:\/\/eakk.ee\/index.php?rest_route=\/wp\/v2\/posts"}],"about":[{"href":"https:\/\/eakk.ee\/index.php?rest_route=\/wp\/v2\/types\/post"}],"author":[{"embeddable":true,"href":"https:\/\/eakk.ee\/index.php?rest_route=\/wp\/v2\/users\/3"}],"replies":[{"embeddable":true,"href":"https:\/\/eakk.ee\/index.php?rest_route=%2Fwp%2Fv2%2Fcomments&post=6913"}],"version-history":[{"count":1,"href":"https:\/\/eakk.ee\/index.php?rest_route=\/wp\/v2\/posts\/6913\/revisions"}],"predecessor-version":[{"id":6914,"href":"https:\/\/eakk.ee\/index.php?rest_route=\/wp\/v2\/posts\/6913\/revisions\/6914"}],"wp:attachment":[{"href":"https:\/\/eakk.ee\/index.php?rest_route=%2Fwp%2Fv2%2Fmedia&parent=6913"}],"wp:term":[{"taxonomy":"category","embeddable":true,"href":"https:\/\/eakk.ee\/index.php?rest_route=%2Fwp%2Fv2%2Fcategories&post=6913"},{"taxonomy":"post_tag","embeddable":true,"href":"https:\/\/eakk.ee\/index.php?rest_route=%2Fwp%2Fv2%2Ftags&post=6913"}],"curies":[{"name":"wp","href":"https:\/\/api.w.org\/{rel}","templated":true}]}}