{"id":6518,"date":"2021-11-28T06:22:28","date_gmt":"2021-11-28T06:22:28","guid":{"rendered":"https:\/\/eakk.ee\/?p=6518"},"modified":"2021-11-28T06:22:28","modified_gmt":"2021-11-28T06:22:28","slug":"advendiaja-i-puhapaev","status":"publish","type":"post","link":"https:\/\/eakk.ee\/?p=6518","title":{"rendered":"ADVENDIAJA I P\u00dcHAP\u00c4EV"},"content":{"rendered":"\n<p>ADVENDIAJA I P\u00dcHAP\u00c4EV C AASTAL<\/p>\n\n\n\n<p>Lugemine prohvet Jeremija raamatust:<br>Vaata, \u00fctleb Issand, p\u00e4evad tulevad, mil ma viin t\u00e4ide oma lunastuses\u00f5na,<br>mille ma olen r\u00e4\u00e4kinud Iisraeli soo ja Juuda koja kohta. Neil p\u00e4evil ja<br>sel ajal lasen ma t\u00e4rgata Taavetile \u00f5iguse v\u00f5su. Ning tema teeb maa peal<br>\u00f5igust ja \u00f5iglust. Neil p\u00e4evil saab Juuda p\u00e4\u00e4stetud ja Jeruusalemm elab<br>rahus, ning teda h\u00fc\u00fctakse nimega &#8220;Issand on meie \u00f5iglus&#8221;.<br>See on Jumala S\u00f5na. T\u00e4nu olgu Jumalale!<\/p>\n\n\n\n<p>Issand, Sinu poole ma t\u00f5stan oma hinge!<br>Issand, anna oma teed mulle teada<br>ja \u00f5peta mulle oma rajad.<br>Sea mind oma t\u00f5eteele ja \u00f5peta mind,<br>sest Sina oled Jumal, mu Lunastaja,<br>Sind ma ootan kogu aja.<br>Issand on hea ja \u00f5iglane,<br>seep\u00e4rast \u00f5petab ta patustele \u00f5iget teed.<br>Ta juhib leplikud \u00f5igluse juurde<br>ja \u00f5petab alandlikele oma teed.<br>T\u00f5de ja halastus on Issanda teedel,<br>k\u00f5igile, kes peavad kinni ta lepingust ja k\u00e4skudest.<br>Issand usaldab neid, kes teda kardavad &#8211;<br>nende jaoks ta on teinud oma lepingu.<br>Au olgu + Isale ja Pojale ja P\u00fchale Vaimule,<br>nii nagu oli alguses, nii on n\u00fc\u00fcd, ikka ja igavesti. Aamen.<br>Issand, Sinu poole ma t\u00f5stan oma hinge!<\/p>\n\n\n\n<p>Teine lugemine p\u00fcha Pauluse esimesest kirjast tessalooniklastele:<br>Vennad, kasvatagu Issand teie armastust, tehku see rohkeks nii teie eneste<br>vahel kui ka k\u00f5ikide vastu, n\u00f5nda nagu meiegi oleme teile oma armastust<br>\u00fcles n\u00e4idanud, et kinnitada teie meelt p\u00fchaduses ja laitmatuses, Jumala ja<br>meie Isa palge ees, siis kui meie Issand tuleb \u00fches k\u00f5igi oma p\u00fchakutega.<br>Aga viimaks, vennad, me palume ja paneme teile s\u00fcdamele Issandas Jeesuses,<br>et nii, nagu te olete meilt teada saanud, kuidas teil tuleb elada ja olla<br>Jumalale meele j\u00e4rgi &#8211; nagu te juba elategi -, n\u00f5nda saage selles veel<br>t\u00e4iuslikumaks. Sest te teate, millised k\u00e4sud me oleme teile andnud Issandas<br>Jeesuses. See on Jumala S\u00f5na. T\u00e4nu olgu Jumalale!<\/p>\n\n\n\n<p>Halleluuja!<br>Issand, n\u00e4ita meile oma heldust<br>ja tee meid \u00f5ndsaks!<br>Halleluuja!<\/p>\n\n\n\n<p>Evangeelium p\u00fcha Johannese j\u00e4rgi:<br>Jeesus \u00fctles oma j\u00fcngritele: &#8220;Sel ajal ilmuvad m\u00e4rgid nii p\u00e4ikeses, kuus kui<br>t\u00e4htedes, ning rahvad on hirmul ja \u00e4ngistuses merekohina ja vetevoogude p\u00e4rast.<br>Neil p\u00e4evil on inimesed hirmust halvatud k\u00f5ige selle kartuses, mis maailma peale<br>on tulemas, sest taevav\u00e4gesid k\u00f5igutatakse. Siis n\u00e4evad nad Inimese Poega<br>tulevat pilve sees &#8211; tema v\u00e4es ja hiilguses. Aga kui see k\u00f5ik hakkab s\u00fcndima,<br>siis ajage sirgu oma selg ja t\u00f5stke oma pea, sest teie lunastus l\u00e4heneb.<br>Aga hoidke end, et teie meel ei oleks koormatud liigs\u00f6\u00f6mise, purjutamise ega<br>peatoiduse muredega, ja et see p\u00e4ev ei tabaks teid ootamatult nagu linnupael,<br>sest see tuleb k\u00f5ikide peale, kes elavad maa peal. Olge siis valvsad igal ajal<br>ja paluge, et te suudaksite p\u00f5geneda k\u00f5ige selle eest, mis on tulemas, ning<br>seista Inimese Poja ees.<br>See on p\u00fcha evangeelium. \u00dclistus olgu Sulle, Issand Jeesus Kristus!<\/p>\n\n\n\n<p>M\u00f5tisklus<br>Oleme taas j\u00f5udnud kirikuaasta algusesse, ootusaega, mille eesm\u00e4rk on uuendada<br>Lunastaja ootamise ja igatsuse kogemust. Kuigi Kristus on juba maailma<br>s\u00fcndinud kutsub Kirik meid uuendama oma osadust Jumala ja ligimese vahel.<br>Kahel korral aastas on meile kingitud eriline aeg &#8211; paastuaeg, see t\u00e4hendab<br>keskendumist Jeesuse kohalolule meie elus, Tema tagasitulekule maailma ja<br>Tema kuningriigi au ilmsikssaamisele. T\u00e4nased lugemised keskenduvad Jeesuse<br>teisele tulemisele. See tooob meieni usu veendumuse sellest, et Jumala armastust<br>leidub kogu loodu seas ja kogu olev peegeldab Jumala igaviku r\u00f5\u00f5mu. Selle<br>m\u00f5istmiseks tuleks meil v\u00e4lja tulla j\u00f5ulueelsest saginast. \u00dcha enam kaob<br>inimeste igap\u00e4evasest elust, aga ka jumalateenistuslikust elust, vaikus.<br>Tundub justkui oleks vaikne palve endas k\u00f5ige alahinnatum element. Advendiaja<br>liturgia toob meieni lihtsuse ja vaoshoituse, see aitab meil j\u00f5uda l\u00e4hemale<br>Jumalale, aga ka iseendale.<br>Armas taevane Isa, kasvata meis igatsust Jeesuse j\u00e4rele ja kingi meile<br>j\u00f5udu kasvada armastuses, et Kristuse tulles v\u00f5iksime end leida r\u00f5\u00f5mustamas<br>Tema tulemise \u00fcle ja oleksime valmis tervitama t\u00f5e valguse saabumist.<br>Aamen.<\/p>\n\n\n\n<figure class=\"wp-block-embed is-type-video is-provider-youtube wp-block-embed-youtube wp-embed-aspect-16-9 wp-has-aspect-ratio\"><div class=\"wp-block-embed__wrapper\">\n<iframe loading=\"lazy\" title=\"Graduale: Universi qui te expectant\" width=\"640\" height=\"360\" src=\"https:\/\/www.youtube.com\/embed\/UY-GB4ffTRw?feature=oembed\" frameborder=\"0\" allow=\"accelerometer; autoplay; clipboard-write; encrypted-media; gyroscope; picture-in-picture; web-share\" referrerpolicy=\"strict-origin-when-cross-origin\" allowfullscreen><\/iframe>\n<\/div><\/figure>\n\n\n\n<p><em>Ei j\u00e4\u00e4 ju h\u00e4bisse \u00fckski neist,kes sind ootavad;<\/em><\/p>\n\n\n\n<p>\u00a0<em>Issand, anna mulle teada oma teed,\u00f5peta mulle oma teeradu!<\/em><\/p>\n","protected":false},"excerpt":{"rendered":"<p>ADVENDIAJA I P\u00dcHAP\u00c4EV C AASTAL Lugemine prohvet Jeremija raamatust:Vaata, \u00fctleb Issand, p\u00e4evad tulevad, mil ma viin t\u00e4ide oma lunastuses\u00f5na,mille ma olen r\u00e4\u00e4kinud Iisraeli soo ja Juuda koja kohta. Neil p\u00e4evil jasel ajal lasen ma t\u00e4rgata Taavetile \u00f5iguse v\u00f5su. Ning tema &hellip; <a href=\"https:\/\/eakk.ee\/?p=6518\">J\u00e4tka lugemist <span class=\"meta-nav\">&rarr;<\/span><\/a><\/p>\n","protected":false},"author":3,"featured_media":0,"comment_status":"open","ping_status":"open","sticky":false,"template":"","format":"standard","meta":{"_exactmetrics_skip_tracking":false,"_exactmetrics_sitenote_active":false,"_exactmetrics_sitenote_note":"","_exactmetrics_sitenote_category":0,"footnotes":""},"categories":[1],"tags":[],"class_list":["post-6518","post","type-post","status-publish","format-standard","hentry","category-eakk"],"_links":{"self":[{"href":"https:\/\/eakk.ee\/index.php?rest_route=\/wp\/v2\/posts\/6518","targetHints":{"allow":["GET"]}}],"collection":[{"href":"https:\/\/eakk.ee\/index.php?rest_route=\/wp\/v2\/posts"}],"about":[{"href":"https:\/\/eakk.ee\/index.php?rest_route=\/wp\/v2\/types\/post"}],"author":[{"embeddable":true,"href":"https:\/\/eakk.ee\/index.php?rest_route=\/wp\/v2\/users\/3"}],"replies":[{"embeddable":true,"href":"https:\/\/eakk.ee\/index.php?rest_route=%2Fwp%2Fv2%2Fcomments&post=6518"}],"version-history":[{"count":1,"href":"https:\/\/eakk.ee\/index.php?rest_route=\/wp\/v2\/posts\/6518\/revisions"}],"predecessor-version":[{"id":6519,"href":"https:\/\/eakk.ee\/index.php?rest_route=\/wp\/v2\/posts\/6518\/revisions\/6519"}],"wp:attachment":[{"href":"https:\/\/eakk.ee\/index.php?rest_route=%2Fwp%2Fv2%2Fmedia&parent=6518"}],"wp:term":[{"taxonomy":"category","embeddable":true,"href":"https:\/\/eakk.ee\/index.php?rest_route=%2Fwp%2Fv2%2Fcategories&post=6518"},{"taxonomy":"post_tag","embeddable":true,"href":"https:\/\/eakk.ee\/index.php?rest_route=%2Fwp%2Fv2%2Ftags&post=6518"}],"curies":[{"name":"wp","href":"https:\/\/api.w.org\/{rel}","templated":true}]}}