{"id":4556,"date":"2018-08-26T11:35:28","date_gmt":"2018-08-26T11:35:28","guid":{"rendered":"https:\/\/eakk.ee\/?p=4556"},"modified":"2018-08-26T17:54:34","modified_gmt":"2018-08-26T17:54:34","slug":"patriarhi-piiskopikspuhitsemise-aastapaeva-tahistamine","status":"publish","type":"post","link":"https:\/\/eakk.ee\/?p=4556","title":{"rendered":"Patriarhi piiskopiksp\u00fchitsemise aastap\u00e4eva t\u00e4histamine"},"content":{"rendered":"<p>26. augustil 2018 toimus Tallinna P\u00fcha Kolmainsuse Anglokatoliku Kirikus patriarh dr Heigo Ritsbeki piiskopiksp\u00fchitsemise VI aastap\u00e4eva t\u00e4histamiseks Pidulik Missa, teenisid patriarh Heigo Ritsbek ja piiskop Raivo Kodanik.<\/p>\n<p><iframe loading=\"lazy\" src=\"https:\/\/www.youtube.com\/embed\/pU3WHpb5N8M\" width=\"600\" height=\"337\" frameborder=\"0\" allowfullscreen=\"allowfullscreen\"><span style=\"display: inline-block; width: 0px; overflow: hidden; line-height: 0;\" data-mce-type=\"bookmark\" class=\"mce_SELRES_start\">\ufeff<\/span><\/iframe><\/p>\n<p><img loading=\"lazy\" decoding=\"async\" class=\"alignnone size-medium wp-image-4557\" src=\"https:\/\/eakk.ee\/wp-content\/uploads\/2018\/08\/IMG_20180826_120304_1-600x449.jpg\" alt=\"\" width=\"600\" height=\"449\" srcset=\"https:\/\/eakk.ee\/wp-content\/uploads\/2018\/08\/IMG_20180826_120304_1-600x449.jpg 600w, https:\/\/eakk.ee\/wp-content\/uploads\/2018\/08\/IMG_20180826_120304_1-1024x766.jpg 1024w\" sizes=\"auto, (max-width: 600px) 100vw, 600px\" \/><img loading=\"lazy\" decoding=\"async\" class=\"alignnone size-medium wp-image-4561\" src=\"https:\/\/eakk.ee\/wp-content\/uploads\/2018\/08\/IMG_20180826_125535_1-e1535283230944-449x600.jpg\" alt=\"\" width=\"449\" height=\"600\" srcset=\"https:\/\/eakk.ee\/wp-content\/uploads\/2018\/08\/IMG_20180826_125535_1-e1535283230944-449x600.jpg 449w, https:\/\/eakk.ee\/wp-content\/uploads\/2018\/08\/IMG_20180826_125535_1-e1535283230944-766x1024.jpg 766w\" sizes=\"auto, (max-width: 449px) 100vw, 449px\" \/><img loading=\"lazy\" decoding=\"async\" class=\"alignnone size-medium wp-image-4558\" src=\"https:\/\/eakk.ee\/wp-content\/uploads\/2018\/08\/IMG_20180826_125140_1-600x449.jpg\" alt=\"\" width=\"600\" height=\"449\" srcset=\"https:\/\/eakk.ee\/wp-content\/uploads\/2018\/08\/IMG_20180826_125140_1-600x449.jpg 600w, https:\/\/eakk.ee\/wp-content\/uploads\/2018\/08\/IMG_20180826_125140_1-1024x766.jpg 1024w\" sizes=\"auto, (max-width: 600px) 100vw, 600px\" \/><\/p>\n","protected":false},"excerpt":{"rendered":"<p>26. augustil 2018 toimus Tallinna P\u00fcha Kolmainsuse Anglokatoliku Kirikus patriarh dr Heigo Ritsbeki piiskopiksp\u00fchitsemise VI aastap\u00e4eva t\u00e4histamiseks Pidulik Missa, teenisid patriarh Heigo Ritsbek ja piiskop Raivo Kodanik. \ufeff<\/p>\n","protected":false},"author":2,"featured_media":0,"comment_status":"open","ping_status":"open","sticky":false,"template":"","format":"standard","meta":{"_exactmetrics_skip_tracking":false,"_exactmetrics_sitenote_active":false,"_exactmetrics_sitenote_note":"","_exactmetrics_sitenote_category":0,"footnotes":""},"categories":[1],"tags":[],"class_list":["post-4556","post","type-post","status-publish","format-standard","hentry","category-eakk"],"_links":{"self":[{"href":"https:\/\/eakk.ee\/index.php?rest_route=\/wp\/v2\/posts\/4556","targetHints":{"allow":["GET"]}}],"collection":[{"href":"https:\/\/eakk.ee\/index.php?rest_route=\/wp\/v2\/posts"}],"about":[{"href":"https:\/\/eakk.ee\/index.php?rest_route=\/wp\/v2\/types\/post"}],"author":[{"embeddable":true,"href":"https:\/\/eakk.ee\/index.php?rest_route=\/wp\/v2\/users\/2"}],"replies":[{"embeddable":true,"href":"https:\/\/eakk.ee\/index.php?rest_route=%2Fwp%2Fv2%2Fcomments&post=4556"}],"version-history":[{"count":2,"href":"https:\/\/eakk.ee\/index.php?rest_route=\/wp\/v2\/posts\/4556\/revisions"}],"predecessor-version":[{"id":4564,"href":"https:\/\/eakk.ee\/index.php?rest_route=\/wp\/v2\/posts\/4556\/revisions\/4564"}],"wp:attachment":[{"href":"https:\/\/eakk.ee\/index.php?rest_route=%2Fwp%2Fv2%2Fmedia&parent=4556"}],"wp:term":[{"taxonomy":"category","embeddable":true,"href":"https:\/\/eakk.ee\/index.php?rest_route=%2Fwp%2Fv2%2Fcategories&post=4556"},{"taxonomy":"post_tag","embeddable":true,"href":"https:\/\/eakk.ee\/index.php?rest_route=%2Fwp%2Fv2%2Ftags&post=4556"}],"curies":[{"name":"wp","href":"https:\/\/api.w.org\/{rel}","templated":true}]}}