{"id":2980,"date":"2016-08-30T11:13:50","date_gmt":"2016-08-30T11:13:50","guid":{"rendered":"https:\/\/eakk.ee\/?p=2980"},"modified":"2016-08-31T18:33:05","modified_gmt":"2016-08-31T18:33:05","slug":"loengud-varakiriku-elust","status":"publish","type":"post","link":"https:\/\/eakk.ee\/?p=2980","title":{"rendered":"Loengud varakiriku elust"},"content":{"rendered":"<p>Patriarh dr Heigo Ritsbek alustab loengusarja <strong>&#8220;Elu varakirikus&#8221;<\/strong> laup\u00e4eval, 17. septembril kell 12.00-13.30 Eesti Anglokatoliku Kiriku Tallinna P\u00fcha Kolmainsuse koguduse kabelis (M\u00fc\u00fcrivahe 33) \u00fcle laup\u00e4eviti. Loengutest osav\u00f5tt on vaba. Loengud toimuvad 17.09, 1.10., 15.10, 29.10, 12.11, 26.11 ja 10.12. TERE TULEMAST!<\/p>\n<p><iframe loading=\"lazy\" style=\"border-width: 0;\" src=\"https:\/\/calendar.google.com\/calendar\/embed?showDate=0&amp;showPrint=0&amp;showTabs=0&amp;showCalendars=0&amp;showTz=0&amp;mode=AGENDA&amp;height=300&amp;wkst=2&amp;bgcolor=%23FFFFFF&amp;src=eiimi620shcp02krrpun8upjb8%40group.calendar.google.com&amp;color=%23AB8B00&amp;ctz=Europe%2FTallinn\" width=\"600\" height=\"300\" frameborder=\"0\" scrolling=\"no\"><\/iframe><br \/>\n<img loading=\"lazy\" decoding=\"async\" class=\"alignnone size-medium wp-image-2985\" src=\"https:\/\/eakk.ee\/wp-content\/uploads\/2016\/08\/14202509_1098354786938145_1443640554676836919_n-486x600.jpg\" alt=\"14202509_1098354786938145_1443640554676836919_n\" width=\"486\" height=\"600\" srcset=\"https:\/\/eakk.ee\/wp-content\/uploads\/2016\/08\/14202509_1098354786938145_1443640554676836919_n-486x600.jpg 486w, https:\/\/eakk.ee\/wp-content\/uploads\/2016\/08\/14202509_1098354786938145_1443640554676836919_n.jpg 510w\" sizes=\"auto, (max-width: 486px) 100vw, 486px\" \/><\/p>\n","protected":false},"excerpt":{"rendered":"<p>Patriarh dr Heigo Ritsbek alustab loengusarja &#8220;Elu varakirikus&#8221; laup\u00e4eval, 17. septembril kell 12.00-13.30 Eesti Anglokatoliku Kiriku Tallinna P\u00fcha Kolmainsuse koguduse kabelis (M\u00fc\u00fcrivahe 33) \u00fcle laup\u00e4eviti. Loengutest osav\u00f5tt on vaba. Loengud toimuvad 17.09, 1.10., 15.10, 29.10, 12.11, 26.11 ja 10.12. TERE &hellip; <a href=\"https:\/\/eakk.ee\/?p=2980\">J\u00e4tka lugemist <span class=\"meta-nav\">&rarr;<\/span><\/a><\/p>\n","protected":false},"author":2,"featured_media":0,"comment_status":"open","ping_status":"open","sticky":false,"template":"","format":"standard","meta":{"_exactmetrics_skip_tracking":false,"_exactmetrics_sitenote_active":false,"_exactmetrics_sitenote_note":"","_exactmetrics_sitenote_category":0,"footnotes":""},"categories":[1],"tags":[],"class_list":["post-2980","post","type-post","status-publish","format-standard","hentry","category-eakk"],"_links":{"self":[{"href":"https:\/\/eakk.ee\/index.php?rest_route=\/wp\/v2\/posts\/2980","targetHints":{"allow":["GET"]}}],"collection":[{"href":"https:\/\/eakk.ee\/index.php?rest_route=\/wp\/v2\/posts"}],"about":[{"href":"https:\/\/eakk.ee\/index.php?rest_route=\/wp\/v2\/types\/post"}],"author":[{"embeddable":true,"href":"https:\/\/eakk.ee\/index.php?rest_route=\/wp\/v2\/users\/2"}],"replies":[{"embeddable":true,"href":"https:\/\/eakk.ee\/index.php?rest_route=%2Fwp%2Fv2%2Fcomments&post=2980"}],"version-history":[{"count":5,"href":"https:\/\/eakk.ee\/index.php?rest_route=\/wp\/v2\/posts\/2980\/revisions"}],"predecessor-version":[{"id":2993,"href":"https:\/\/eakk.ee\/index.php?rest_route=\/wp\/v2\/posts\/2980\/revisions\/2993"}],"wp:attachment":[{"href":"https:\/\/eakk.ee\/index.php?rest_route=%2Fwp%2Fv2%2Fmedia&parent=2980"}],"wp:term":[{"taxonomy":"category","embeddable":true,"href":"https:\/\/eakk.ee\/index.php?rest_route=%2Fwp%2Fv2%2Fcategories&post=2980"},{"taxonomy":"post_tag","embeddable":true,"href":"https:\/\/eakk.ee\/index.php?rest_route=%2Fwp%2Fv2%2Ftags&post=2980"}],"curies":[{"name":"wp","href":"https:\/\/api.w.org\/{rel}","templated":true}]}}